{"id":862,"date":"2024-05-07T21:08:19","date_gmt":"2024-05-07T19:08:19","guid":{"rendered":"https:\/\/www.fatuk.de\/atg\/?p=862"},"modified":"2024-08-08T08:31:59","modified_gmt":"2024-08-08T06:31:59","slug":"prof-anne-julchen-bernhardt-boris-sieverts-02-07-2024-kaiserslautern","status":"publish","type":"post","link":"https:\/\/www.fatuk.de\/atg\/prof-anne-julchen-bernhardt-boris-sieverts-02-07-2024-kaiserslautern\/","title":{"rendered":"Prof. Anne-Julchen Bernhardt und Boris Sieverts | 02.07.2024"},"content":{"rendered":"\n<div class=\"wp-block-columns is-layout-flex wp-container-core-columns-is-layout-8f761849 wp-block-columns-is-layout-flex\">\n<div class=\"wp-block-column is-layout-flow wp-block-column-is-layout-flow\">\n<h4 class=\"wp-block-heading\">Vortrag<\/h4>\n\n\n\n<p class=\"wp-block-paragraph\">Aktivieren und planen, scheitern und weitermachen: Mit ihrem K\u00f6lner B\u00fcro BeL Soziet\u00e4t f\u00fcr Architektur hat Anne-Julchen Bernhardt zahlreiche gemeinwohlorientierte Projekte geplant, darunter so prominente wie die Hamburger Ex-Essoh\u00e4user. Der Stadtf\u00fchrer- und forscher Boris Sieverts ist in seiner Heimatstadt K\u00f6ln immer wieder in Stadtentwicklungsfragen involviert. Im rechtsrheinischen Stadtteil Kalk kreuzen sich ihre Wege&#8230;<\/p>\n\n\n\n<h4 class=\"wp-block-heading\">Anne-Julchen Bernhardt<\/h4>\n\n\n\n<p class=\"wp-block-paragraph\">Anne-Julchen Bernhardt studierte Architektur an der RWTH Aachen. Parallel absolvierte sie ein Gaststudium an der Kunstakademie D\u00fcsseldorf. Nach der Mitarbeit in mehreren Architekturb\u00fcros machte sie sich selbstst\u00e4ndig und gr\u00fcndete zusammen mit J\u00f6rg Leeser das B\u00fcro\u201a BeL Soziet\u00e4t f\u00fcr Architektur.<\/p>\n\n\n\n<p class=\"wp-block-paragraph\">BeL steht f\u00fcr neue Ideen hinsichtlich des sozialen Wohnungsbaus in Zeiten der Fl\u00fcchtlingskrise und der Wohnungsknappheit und erhielt zahlreiche Auszeichnungen, darunter den F\u00f6rderpreis des Landes NRW und den Kunstpreis Baukunst der Berliner Akademie der K\u00fcnste.<\/p>\n\n\n\n<p class=\"wp-block-paragraph\">Auf die Arbeit als Wissenschaftliche Mitarbeiterin am Lehrstuhl f\u00fcr Baukonstruktion an der RWTH Aachen und einen Lehrauftrag an der Bergischen Universit\u00e4t Wuppertal folgte der Ruf zur Professorin f\u00fcr Geb\u00e4udelehre und Grundlagen des Entwerfens an der RWTH Aachen. Der Schwerpunkt ihrer Forschungen dort liegt auf der Infrastruktur und Architektur von Migrationsprozessen in der Bundesrepublik.<\/p>\n\n\n\n<p class=\"wp-block-paragraph\">2010 wurde Anne-Julchen Bernhardt in die Nordrhein-Westf\u00e4lische Akademie der Wissenschaften und K\u00fcnste gew\u00e4hlt.<\/p>\n\n\n\n<h4 class=\"wp-block-heading\">Boris Sieverts<\/h4>\n\n\n\n<p class=\"wp-block-paragraph\">Boris Sieverts studierte an der Kunstakademie D\u00fcsseldorf und arbeitete im Anschluss als Sch\u00e4fer und in Architekturb\u00fcros in K\u00f6ln und Bonn. Er f\u00fchrt das <em>\u201aB\u00fcro f\u00fcr St\u00e4dtereisen\u2018<\/em>, mit dem er \u201eExkursionen in die unerforschten inneren und \u00e4u\u00dferen Randgebiete unserer Metropolen und Ballungsr\u00e4ume\u201c (Quelle: neueraeume.de) anbietet. Durch ausgefeilte Raumfolgen werden dort landschaftliche Zusammenh\u00e4nge von ansonsten extrem disparat geltenden Umgebungen hergestellt. Mit der Auseinandersetzung \u00fcber Sparzierg\u00e4nge entwickelt Boris Sieverts Visionen und weiterf\u00fchrende Interpretationen der erforschten Landschafts- und Siedlungsgebilde (Quelle: liebedeinestadt.de).<br>Lehrauftr\u00e4ge f\u00fchrten Boris Sieverts u.a. nach Nantes, Leipzig, Kassel, Portland, Maastricht, Hamburg, er kuratierte Einzelausstellungen und Ausstellungsbeteiligungen in Deutschland, Frankreich, Schweden und den USA.<\/p>\n\n\n\n<p class=\"wp-block-paragraph\">Dar\u00fcber hinaus engagiert sich Boris Sieverts zu zahlreichen st\u00e4dtebaulichen Themen und ist als K\u00fcnstler im \u00f6ffentlichen Raum pr\u00e4sent. Sein besonderes Anliegen gilt dabei der Aktivierung und Beteiligung der Stadtbewohner bei der Behandlung der sie betreffenden Fragen. Boris Sieverts ist Gr\u00fcndungsmitglied der \u201aMetropolitan Trails Academy\u2018, einem Verbund europ\u00e4ischer Stadtwanderer, der es sich zur Aufgabe gemacht hat, das systematische Gehen in der Stadt als Querschnittsdisziplin so unterschiedlicher F\u00e4cher wie der Stadt- und Landschaftsplanung, der Soziologie, der Beteiligungskultur und der territorialen Verwaltung zu f\u00f6rdern und zu etablieren.<\/p>\n\n\n\n<div style=\"height:50px\" aria-hidden=\"true\" class=\"wp-block-spacer\"><\/div>\n\n\n\n<p class=\"wp-block-paragraph\">Quellen:<\/p>\n\n\n\n<p class=\"wp-block-paragraph\"><a href=\"http:\/\/www.bel.cx\/about\/\">www.bel.cx\/about\/<\/a><br><a href=\"http:\/\/www.abk-stuttgart.de\/aktuell\/veranstaltung\/jour-fixe-vortragsreihe-ueber-dauer-prof-anne-julchen-bernhardt-rwth-aachen-neubau.html\">www.abk-stuttgart.de\/aktuell\/veranstaltung\/jour-fixe-vortragsreihe-ueber-dauer-prof-anne-julchen-bernhardt-rwth-aachen-neubau.html<\/a><br><a href=\"http:\/\/www.wohnbau.tuwien.ac.at\/de\/wohngespraeche\/ss-2021\/anne-julchen-bernhardt\">www.wohnbau.tuwien.ac.at\/de\/wohngespraeche\/ss-2021\/anne-julchen-bernhardt<\/a><\/p>\n\n\n\n<p class=\"wp-block-paragraph\"><a href=\"http:\/\/www.kisd.de\/studium\/menschen\/boris-sieverts\/ www.neueraeume.de\/info\/\">www.kisd.de\/studium\/menschen\/boris-sieverts\/<br>www.neueraeume.de\/info\/<\/a><br><a href=\"http:\/\/www.liebedeinestadt.org\/project\/boris-sieverts\/\">www.liebedeinestadt.org\/project\/boris-sieverts\/<\/a><br><a href=\"http:\/\/www.identitaet-und-erbe.org\/personen\/boris-sieverts\/\">www.identitaet-und-erbe.org\/personen\/boris-sieverts\/<\/a><\/p>\n<\/div>\n\n\n\n<div class=\"wp-block-column is-layout-flow wp-block-column-is-layout-flow\">\n<figure class=\"wp-block-image size-full\"><img loading=\"lazy\" decoding=\"async\" width=\"2000\" height=\"1500\" src=\"https:\/\/www.fatuk.de\/atg\/wp-content\/uploads\/2024\/05\/anne.jpg\" alt=\"\" class=\"wp-image-864\" srcset=\"https:\/\/www.fatuk.de\/atg\/wp-content\/uploads\/2024\/05\/anne.jpg 2000w, https:\/\/www.fatuk.de\/atg\/wp-content\/uploads\/2024\/05\/anne-300x225.jpg 300w, https:\/\/www.fatuk.de\/atg\/wp-content\/uploads\/2024\/05\/anne-1024x768.jpg 1024w, https:\/\/www.fatuk.de\/atg\/wp-content\/uploads\/2024\/05\/anne-768x576.jpg 768w, https:\/\/www.fatuk.de\/atg\/wp-content\/uploads\/2024\/05\/anne-1536x1152.jpg 1536w, https:\/\/www.fatuk.de\/atg\/wp-content\/uploads\/2024\/05\/anne-1612x1209.jpg 1612w, https:\/\/www.fatuk.de\/atg\/wp-content\/uploads\/2024\/05\/anne-1116x837.jpg 1116w, https:\/\/www.fatuk.de\/atg\/wp-content\/uploads\/2024\/05\/anne-806x605.jpg 806w, https:\/\/www.fatuk.de\/atg\/wp-content\/uploads\/2024\/05\/anne-558x419.jpg 558w, https:\/\/www.fatuk.de\/atg\/wp-content\/uploads\/2024\/05\/anne-655x491.jpg 655w\" sizes=\"auto, (max-width: 2000px) 100vw, 2000px\" \/><\/figure>\n\n\n\n<div style=\"height:50px\" aria-hidden=\"true\" class=\"wp-block-spacer\"><\/div>\n\n\n\n<figure class=\"wp-block-image size-full\"><img loading=\"lazy\" decoding=\"async\" width=\"2000\" height=\"1500\" src=\"https:\/\/www.fatuk.de\/atg\/wp-content\/uploads\/2024\/05\/Boris_Sieverts_c_Marcel_Wurm_360x240.jpg\" alt=\"\" class=\"wp-image-866\" srcset=\"https:\/\/www.fatuk.de\/atg\/wp-content\/uploads\/2024\/05\/Boris_Sieverts_c_Marcel_Wurm_360x240.jpg 2000w, https:\/\/www.fatuk.de\/atg\/wp-content\/uploads\/2024\/05\/Boris_Sieverts_c_Marcel_Wurm_360x240-300x225.jpg 300w, https:\/\/www.fatuk.de\/atg\/wp-content\/uploads\/2024\/05\/Boris_Sieverts_c_Marcel_Wurm_360x240-1024x768.jpg 1024w, https:\/\/www.fatuk.de\/atg\/wp-content\/uploads\/2024\/05\/Boris_Sieverts_c_Marcel_Wurm_360x240-768x576.jpg 768w, https:\/\/www.fatuk.de\/atg\/wp-content\/uploads\/2024\/05\/Boris_Sieverts_c_Marcel_Wurm_360x240-1536x1152.jpg 1536w, https:\/\/www.fatuk.de\/atg\/wp-content\/uploads\/2024\/05\/Boris_Sieverts_c_Marcel_Wurm_360x240-1612x1209.jpg 1612w, https:\/\/www.fatuk.de\/atg\/wp-content\/uploads\/2024\/05\/Boris_Sieverts_c_Marcel_Wurm_360x240-1116x837.jpg 1116w, https:\/\/www.fatuk.de\/atg\/wp-content\/uploads\/2024\/05\/Boris_Sieverts_c_Marcel_Wurm_360x240-806x605.jpg 806w, https:\/\/www.fatuk.de\/atg\/wp-content\/uploads\/2024\/05\/Boris_Sieverts_c_Marcel_Wurm_360x240-558x419.jpg 558w, https:\/\/www.fatuk.de\/atg\/wp-content\/uploads\/2024\/05\/Boris_Sieverts_c_Marcel_Wurm_360x240-655x491.jpg 655w\" sizes=\"auto, (max-width: 2000px) 100vw, 2000px\" \/><\/figure>\n<\/div>\n<\/div>\n\n\n\n<p class=\"wp-block-paragraph\"><\/p>\n","protected":false},"excerpt":{"rendered":"<p>Aktivieren und planen, scheitern und weitermachen: Mit ihrem K\u00f6lner B\u00fcro BeL hat Anne-Julchen Bernhardt zahlreiche gemeinwohlorientierte Projekte geplant. Der Stadtf\u00fchrer- und forscher Boris Sieverts ist in K\u00f6ln immer wieder in Stadtentwicklungsfragen involviert. Im rechtsrheinischen Stadtteil Kalk kreuzen sich ihre Wege.<\/p>\n","protected":false},"author":1,"featured_media":1197,"comment_status":"closed","ping_status":"closed","sticky":false,"template":"","format":"standard","meta":{"_acf_changed":false,"_crdt_document":"","inline_featured_image":false,"footnotes":""},"categories":[25],"tags":[27,18,58,15,17,60],"class_list":["post-862","post","type-post","status-publish","format-standard","has-post-thumbnail","hentry","category-atuesday","tag-aneignung","tag-diskurs","tag-gemeinschaft","tag-kollektiv","tag-kritik","tag-werkzeuge"],"acf":[],"_links":{"self":[{"href":"https:\/\/www.fatuk.de\/atg\/wp-json\/wp\/v2\/posts\/862","targetHints":{"allow":["GET"]}}],"collection":[{"href":"https:\/\/www.fatuk.de\/atg\/wp-json\/wp\/v2\/posts"}],"about":[{"href":"https:\/\/www.fatuk.de\/atg\/wp-json\/wp\/v2\/types\/post"}],"author":[{"embeddable":true,"href":"https:\/\/www.fatuk.de\/atg\/wp-json\/wp\/v2\/users\/1"}],"replies":[{"embeddable":true,"href":"https:\/\/www.fatuk.de\/atg\/wp-json\/wp\/v2\/comments?post=862"}],"version-history":[{"count":15,"href":"https:\/\/www.fatuk.de\/atg\/wp-json\/wp\/v2\/posts\/862\/revisions"}],"predecessor-version":[{"id":1340,"href":"https:\/\/www.fatuk.de\/atg\/wp-json\/wp\/v2\/posts\/862\/revisions\/1340"}],"wp:featuredmedia":[{"embeddable":true,"href":"https:\/\/www.fatuk.de\/atg\/wp-json\/wp\/v2\/media\/1197"}],"wp:attachment":[{"href":"https:\/\/www.fatuk.de\/atg\/wp-json\/wp\/v2\/media?parent=862"}],"wp:term":[{"taxonomy":"category","embeddable":true,"href":"https:\/\/www.fatuk.de\/atg\/wp-json\/wp\/v2\/categories?post=862"},{"taxonomy":"post_tag","embeddable":true,"href":"https:\/\/www.fatuk.de\/atg\/wp-json\/wp\/v2\/tags?post=862"}],"curies":[{"name":"wp","href":"https:\/\/api.w.org\/{rel}","templated":true}]}}